{"id":6960,"date":"2026-03-16T13:44:46","date_gmt":"2026-03-16T16:44:46","guid":{"rendered":"https:\/\/www.ict.ufvjm.edu.br\/?p=6960"},"modified":"2026-04-14T08:07:20","modified_gmt":"2026-04-14T11:07:20","slug":"57a-edicao-do-ict-news","status":"publish","type":"post","link":"https:\/\/www.ict.ufvjm.edu.br\/?p=6960","title":{"rendered":"57\u00aa Edi\u00e7\u00e3o do ICT News"},"content":{"rendered":"\n<p class=\"justify\">A nova edi\u00e7\u00e3o do ICT News j\u00e1 est\u00e1 dispon\u00edvel, trazendo as principais atualiza\u00e7\u00f5es e conquistas da nossa comunidade acad\u00eamica.<\/p>\n\n\n\n<p>Destaques da edi\u00e7\u00e3o: <\/p>\n\n\n\n<ul class=\"wp-block-list\">\n<li>Novos Horizontes: ICT Celebra Chegada de Calouros com Recep\u00e7\u00e3o.<br><\/li>\n\n\n\n<li>ICT lan\u00e7a podcast institucional ICT Talks.<br><\/li>\n\n\n\n<li>Doutorado Sandu\u00edche LMEDP\/UFVJM X Universidade Barcelona.<br><\/li>\n\n\n\n<li>Homenagem ao Professor Ant\u00f4nio Genilton Sant\u2019Anna.<\/li>\n<\/ul>\n\n\n\n<p>A edi\u00e7\u00e3o completa pode ser acessada no arquivo anexo.<\/p>\n\n\n\n<p>Boa leitura!<br>Atenciosamente,<br>Equipe ICT <em>News<\/em><\/p>\n\n\n\n<div data-wp-interactive=\"core\/file\" class=\"wp-block-file\"><object data-wp-bind--hidden=\"!state.hasPdfPreview\" hidden class=\"wp-block-file__embed\" data=\"https:\/\/www.ict.ufvjm.edu.br\/wp-content\/uploads\/2026\/03\/57_ICTNews_Fevereiro_2026.pdf\" type=\"application\/pdf\" style=\"width:100%;height:600px\" aria-label=\"Incorporado de 57_ICTNews_Fevereiro_2026.\"><\/object><a id=\"wp-block-file--media-f82cd0fd-3667-45c9-9c30-61dd025d15b6\" href=\"https:\/\/www.ict.ufvjm.edu.br\/wp-content\/uploads\/2026\/03\/57_ICTNews_Fevereiro_2026.pdf\" target=\"_blank\" rel=\"noreferrer noopener\">57_ICTNews_Fevereiro_2026<\/a><a href=\"https:\/\/www.ict.ufvjm.edu.br\/wp-content\/uploads\/2026\/03\/57_ICTNews_Fevereiro_2026.pdf\" class=\"wp-block-file__button wp-element-button\" download aria-describedby=\"wp-block-file--media-f82cd0fd-3667-45c9-9c30-61dd025d15b6\">Baixar<\/a><\/div>\n\n\n\n<div style=\"height:32px\" aria-hidden=\"true\" class=\"wp-block-spacer\"><\/div>\n\n\n\n<hr class=\"wp-block-separator has-css-opacity\"\/>\n","protected":false},"excerpt":{"rendered":"<p>A nova edi\u00e7\u00e3o do ICT News j\u00e1 est\u00e1 dispon\u00edvel, trazendo as principais atualiza\u00e7\u00f5es e conquistas da nossa comunidade acad\u00eamica. Destaques da edi\u00e7\u00e3o: A edi\u00e7\u00e3o completa pode ser acessada no arquivo anexo. Boa leitura!Atenciosamente,Equipe ICT News<\/p>\n","protected":false},"author":4,"featured_media":6901,"comment_status":"closed","ping_status":"closed","sticky":false,"template":"","format":"standard","meta":{"_exactmetrics_skip_tracking":false,"_exactmetrics_sitenote_active":false,"_exactmetrics_sitenote_note":"","_exactmetrics_sitenote_category":0,"footnotes":""},"categories":[13,15],"tags":[206,132,36,133,18],"class_list":["post-6960","post","type-post","status-publish","format-standard","has-post-thumbnail","hentry","category-destaquinho-1","category-noticias","tag-206","tag-ciencia","tag-ict-news","tag-tecnologia","tag-ufvjm"],"_links":{"self":[{"href":"https:\/\/www.ict.ufvjm.edu.br\/index.php?rest_route=\/wp\/v2\/posts\/6960","targetHints":{"allow":["GET"]}}],"collection":[{"href":"https:\/\/www.ict.ufvjm.edu.br\/index.php?rest_route=\/wp\/v2\/posts"}],"about":[{"href":"https:\/\/www.ict.ufvjm.edu.br\/index.php?rest_route=\/wp\/v2\/types\/post"}],"author":[{"embeddable":true,"href":"https:\/\/www.ict.ufvjm.edu.br\/index.php?rest_route=\/wp\/v2\/users\/4"}],"replies":[{"embeddable":true,"href":"https:\/\/www.ict.ufvjm.edu.br\/index.php?rest_route=%2Fwp%2Fv2%2Fcomments&post=6960"}],"version-history":[{"count":3,"href":"https:\/\/www.ict.ufvjm.edu.br\/index.php?rest_route=\/wp\/v2\/posts\/6960\/revisions"}],"predecessor-version":[{"id":7030,"href":"https:\/\/www.ict.ufvjm.edu.br\/index.php?rest_route=\/wp\/v2\/posts\/6960\/revisions\/7030"}],"wp:featuredmedia":[{"embeddable":true,"href":"https:\/\/www.ict.ufvjm.edu.br\/index.php?rest_route=\/wp\/v2\/media\/6901"}],"wp:attachment":[{"href":"https:\/\/www.ict.ufvjm.edu.br\/index.php?rest_route=%2Fwp%2Fv2%2Fmedia&parent=6960"}],"wp:term":[{"taxonomy":"category","embeddable":true,"href":"https:\/\/www.ict.ufvjm.edu.br\/index.php?rest_route=%2Fwp%2Fv2%2Fcategories&post=6960"},{"taxonomy":"post_tag","embeddable":true,"href":"https:\/\/www.ict.ufvjm.edu.br\/index.php?rest_route=%2Fwp%2Fv2%2Ftags&post=6960"}],"curies":[{"name":"wp","href":"https:\/\/api.w.org\/{rel}","templated":true}]}}